{"id":41135,"date":"2026-05-12T11:05:17","date_gmt":"2026-05-12T11:05:17","guid":{"rendered":"https:\/\/bicycles4ever.com\/fr\/nouveaux-canyon-endurace-cf-et-cf-slx-quelles-sont-les-differences\/"},"modified":"2026-05-12T11:05:17","modified_gmt":"2026-05-12T11:05:17","slug":"nouveaux-canyon-endurace-cf-et-cf-slx-quelles-sont-les-differences","status":"publish","type":"post","link":"https:\/\/bicycles4ever.com\/fr\/nouveaux-canyon-endurace-cf-et-cf-slx-quelles-sont-les-differences\/","title":{"rendered":"Nouveaux Canyon Endurace CF et CF SLX : quelles sont les diff\u00e9rences ?"},"content":{"rendered":"<div class=\"container section-title-container\" ><h2 class=\"section-title section-title-center\"><b aria-hidden=\"true\"><\/b><span class=\"section-title-main\" >Nouveaux Canyon Endurace CF et CF SLX : quelles sont les diff\u00e9rences ? avec GCN Fran\u00e7ais<\/span><b aria-hidden=\"true\"><\/b><\/h2><\/div>\n<div class=\"video video-fit mb\" style=\"padding-top:56.25%;\"><p><iframe loading=\"lazy\" title=\"Nouveaux Canyon Endurace CF et CF SLX : quelles sont les diff\u00e9rences ?\" width=\"1020\" height=\"574\" src=\"https:\/\/www.youtube.com\/embed\/mqXfAxKcHIA?feature=oembed\" frameborder=\"0\" allow=\"accelerometer; autoplay; clipboard-write; encrypted-media; gyroscope; picture-in-picture; web-share\" referrerpolicy=\"strict-origin-when-cross-origin\" allowfullscreen><\/iframe><\/p>\n<\/div>\n<p>Source : <a href=\"https:\/\/www.youtube.com\/watch?v=mqXfAxKcHIA\" rel=\"nofollow noopener\" target=\"_blank\">Cha\u00eene YouTube GCN en Fran\u00e7ais: Nouveaux Canyon Endurace CF et CF SLX : quelles sont les diff\u00e9rences ?<\/a><\/p>\n<div class=\"container section-title-container\" ><h3 class=\"section-title section-title-center\"><b aria-hidden=\"true\"><\/b><span class=\"section-title-main\" >Vid\u00e9o Nouveaux Canyon Endurace CF et CF SLX : quelles sont les diff\u00e9rences ? avec GCN Fran\u00e7ais<\/span><b aria-hidden=\"true\"><\/b><\/h3><\/div>\n<p>Vid\u00e9o <strong>Nouveaux Canyon Endurace CF et CF SLX : quelles sont les diff\u00e9rences ?<\/strong> de la Cha\u00eene YouTube <strong><a href=\"https:\/\/bicycles4ever.com\/fr\/tag\/gcn-francais\/\">GCN Fran\u00e7ais<\/a><\/strong>.<\/p>\n<div class=\"container section-title-container\" ><h2 class=\"section-title section-title-center\"><b aria-hidden=\"true\"><\/b><span class=\"section-title-main\" >Nouveaux Canyon Endurace CF et CF SLX : quelles sont les diff\u00e9rences ?<\/span><b aria-hidden=\"true\"><\/b><\/h2><\/div>\n<div class=\"is-divider divider clearfix\" ><\/div>\n<p>Les opinions exprim\u00e9es dans cet espace rel\u00e8vent de la seule responsabilit\u00e9 de la <strong>Cha\u00eene YouTube <a href=\"https:\/\/bicycles4ever.com\/fr\/tag\/gcn-francais\/\">GCN Fran\u00e7ais<\/a><\/strong> et ne refl\u00e8tent pas n\u00e9cessairement l\u2019opinion de <strong><a href=\"https:\/\/bicycles4ever.com\/fr\/\" data-type=\"link\" data-id=\"https:\/\/bicycles4ever.com\/fr\/\" target=\"_blank\" rel=\"noreferrer noopener\">Bicycles4ever Cycling Culture Fran\u00e7ais<\/a><\/strong>.<\/p>\n<div class=\"is-divider divider clearfix\" ><\/div>\n<div class=\"container section-title-container\" ><h3 class=\"section-title section-title-center\"><b aria-hidden=\"true\"><\/b><span class=\"section-title-main\" >Continuez \u00e0 lire d\u2019autres articles li\u00e9s de GCN Fran\u00e7ais<\/span><b aria-hidden=\"true\"><\/b><\/h3><\/div>\n<div class=\"is-divider divider clearfix\" ><\/div>\n\n  \n    <div id=\"row-1614597574\" class=\"row large-columns-2 medium-columns-1 small-columns-1 has-shadow row-box-shadow-2 row-masonry\" data-packery-options='{\"itemSelector\": \".col\", \"gutter\": 0, \"presentageWidth\" : true}'>\n\n  <div class=\"col post-item\" >\n\t\t\t<div class=\"col-inner\">\n\t\t\t\t<div class=\"box box-vertical box-text-bottom box-blog-post has-hover\">\n            \t\t\t\t\t<div class=\"box-image\" style=\"width:43%;\">\n  \t\t\t\t\t\t<div class=\"image-cover\" style=\"padding-top:56.25%;\">\n\t\t\t\t\t\t\t<a href=\"https:\/\/bicycles4ever.com\/fr\/cette-course-ma-brise-comment-jai-fait-4870km-en-13-jours-transcontinental\/\" class=\"plain\" aria-label=\"Cette course m\u2019a bris\u00e9, comment j\u2019ai fait 4870km en 13 jours. Transcontinental\">\n\t\t\t\t\t\t\t\t<img loading=\"lazy\" decoding=\"async\" width=\"300\" height=\"169\" src=\"https:\/\/bicycles4ever.com\/fr\/wp-content\/uploads\/sites\/5\/2026\/08\/Cette-course-ma-brise-comment-jai-fait-4870km-en-13-300x169.jpg\" class=\"attachment-medium size-medium wp-post-image\" alt=\"\" srcset=\"https:\/\/bicycles4ever.com\/fr\/wp-content\/uploads\/sites\/5\/2026\/08\/Cette-course-ma-brise-comment-jai-fait-4870km-en-13-300x169.jpg 300w, https:\/\/bicycles4ever.com\/fr\/wp-content\/uploads\/sites\/5\/2026\/08\/Cette-course-ma-brise-comment-jai-fait-4870km-en-13-1024x576.jpg 1024w, https:\/\/bicycles4ever.com\/fr\/wp-content\/uploads\/sites\/5\/2026\/08\/Cette-course-ma-brise-comment-jai-fait-4870km-en-13-768x432.jpg 768w, https:\/\/bicycles4ever.com\/fr\/wp-content\/uploads\/sites\/5\/2026\/08\/Cette-course-ma-brise-comment-jai-fait-4870km-en-13-600x338.jpg 600w, https:\/\/bicycles4ever.com\/fr\/wp-content\/uploads\/sites\/5\/2026\/08\/Cette-course-ma-brise-comment-jai-fait-4870km-en-13.jpg 1280w\" sizes=\"auto, (max-width: 300px) 100vw, 300px\" title=\"\">\t\t\t\t\t\t\t<\/a>\n  \t\t\t\t\t\t\t  \t\t\t\t\t\t\t  \t\t\t\t\t\t<\/div>\n  \t\t\t\t\t\t  \t\t\t\t\t<\/div>\n          \t\t\t\t\t<div class=\"box-text text-center\" >\n\t\t\t\t\t<div class=\"box-text-inner blog-post-inner\">\n\n\t\t\t\t\t\n\t\t\t\t\t\t\t\t\t\t\t<p class=\"cat-label tag-label is-xxsmall op-7 uppercase\">\n\t\t\t\t\tRoute \t\t\t\t\t<\/p>\n\t\t\t\t\t\t\t\t\t\t<h5 class=\"post-title is-large \">\n\t\t\t\t\t\t<a href=\"https:\/\/bicycles4ever.com\/fr\/cette-course-ma-brise-comment-jai-fait-4870km-en-13-jours-transcontinental\/\" class=\"plain\">Cette course m\u2019a bris\u00e9, comment j\u2019ai fait 4870km en 13 jours. Transcontinental<\/a>\n\t\t\t\t\t<\/h5>\n\t\t\t\t\t\t\t\t\t\t<div class=\"is-divider\"><\/div>\n\t\t\t\t\t                    \n\t\t\t\t\t\n\t\t\t\t\t\n\t\t\t\t\t<\/div>\n\t\t\t\t\t<\/div>\n\t\t\t\t\t\t\t\t\t<\/div>\n\t\t\t<\/div>\n\t\t<\/div><div class=\"col post-item\" >\n\t\t\t<div class=\"col-inner\">\n\t\t\t\t<div class=\"box box-vertical box-text-bottom box-blog-post has-hover\">\n            \t\t\t\t\t<div class=\"box-image\" style=\"width:43%;\">\n  \t\t\t\t\t\t<div class=\"image-cover\" style=\"padding-top:56.25%;\">\n\t\t\t\t\t\t\t<a href=\"https:\/\/bicycles4ever.com\/fr\/on-passe-en-revue-tous-les-velos-de-la-vuelta\/\" class=\"plain\" aria-label=\"On passe en revue tous les v\u00e9los de la Vuelta\">\n\t\t\t\t\t\t\t\t<img loading=\"lazy\" decoding=\"async\" width=\"300\" height=\"169\" src=\"https:\/\/bicycles4ever.com\/fr\/wp-content\/uploads\/sites\/5\/2026\/08\/On-passe-en-revue-tous-les-velos-de-la-Vuelta-300x169.jpg\" class=\"attachment-medium size-medium wp-post-image\" alt=\"\" srcset=\"https:\/\/bicycles4ever.com\/fr\/wp-content\/uploads\/sites\/5\/2026\/08\/On-passe-en-revue-tous-les-velos-de-la-Vuelta-300x169.jpg 300w, https:\/\/bicycles4ever.com\/fr\/wp-content\/uploads\/sites\/5\/2026\/08\/On-passe-en-revue-tous-les-velos-de-la-Vuelta-1024x576.jpg 1024w, https:\/\/bicycles4ever.com\/fr\/wp-content\/uploads\/sites\/5\/2026\/08\/On-passe-en-revue-tous-les-velos-de-la-Vuelta-768x432.jpg 768w, https:\/\/bicycles4ever.com\/fr\/wp-content\/uploads\/sites\/5\/2026\/08\/On-passe-en-revue-tous-les-velos-de-la-Vuelta-600x338.jpg 600w, https:\/\/bicycles4ever.com\/fr\/wp-content\/uploads\/sites\/5\/2026\/08\/On-passe-en-revue-tous-les-velos-de-la-Vuelta.jpg 1280w\" sizes=\"auto, (max-width: 300px) 100vw, 300px\" title=\"\">\t\t\t\t\t\t\t<\/a>\n  \t\t\t\t\t\t\t  \t\t\t\t\t\t\t  \t\t\t\t\t\t<\/div>\n  \t\t\t\t\t\t  \t\t\t\t\t<\/div>\n          \t\t\t\t\t<div class=\"box-text text-center\" >\n\t\t\t\t\t<div class=\"box-text-inner blog-post-inner\">\n\n\t\t\t\t\t\n\t\t\t\t\t\t\t\t\t\t\t<p class=\"cat-label tag-label is-xxsmall op-7 uppercase\">\n\t\t\t\t\tRoute \t\t\t\t\t<\/p>\n\t\t\t\t\t\t\t\t\t\t<h5 class=\"post-title is-large \">\n\t\t\t\t\t\t<a href=\"https:\/\/bicycles4ever.com\/fr\/on-passe-en-revue-tous-les-velos-de-la-vuelta\/\" class=\"plain\">On passe en revue tous les v\u00e9los de la Vuelta<\/a>\n\t\t\t\t\t<\/h5>\n\t\t\t\t\t\t\t\t\t\t<div class=\"is-divider\"><\/div>\n\t\t\t\t\t                    \n\t\t\t\t\t\n\t\t\t\t\t\n\t\t\t\t\t<\/div>\n\t\t\t\t\t<\/div>\n\t\t\t\t\t\t\t\t\t<\/div>\n\t\t\t<\/div>\n\t\t<\/div><div class=\"col post-item\" >\n\t\t\t<div class=\"col-inner\">\n\t\t\t\t<div class=\"box box-vertical box-text-bottom box-blog-post has-hover\">\n            \t\t\t\t\t<div class=\"box-image\" style=\"width:43%;\">\n  \t\t\t\t\t\t<div class=\"image-cover\" style=\"padding-top:56.25%;\">\n\t\t\t\t\t\t\t<a href=\"https:\/\/bicycles4ever.com\/fr\/le-corps-feminin-a-velo-ce-que-tous-les-cyclistes-hommes-et-femmes-devraient-savoir\/\" class=\"plain\" aria-label=\"Le corps f\u00e9minin \u00e0 v\u00e9lo : ce que tous les cyclistes hommes et femmes devraient savoir.\">\n\t\t\t\t\t\t\t\t<img loading=\"lazy\" decoding=\"async\" width=\"300\" height=\"169\" src=\"https:\/\/bicycles4ever.com\/fr\/wp-content\/uploads\/sites\/5\/2026\/08\/Le-corps-feminin-a-velo-ce-que-tous-les-300x169.jpg\" class=\"attachment-medium size-medium wp-post-image\" alt=\"\" srcset=\"https:\/\/bicycles4ever.com\/fr\/wp-content\/uploads\/sites\/5\/2026\/08\/Le-corps-feminin-a-velo-ce-que-tous-les-300x169.jpg 300w, https:\/\/bicycles4ever.com\/fr\/wp-content\/uploads\/sites\/5\/2026\/08\/Le-corps-feminin-a-velo-ce-que-tous-les-1024x576.jpg 1024w, https:\/\/bicycles4ever.com\/fr\/wp-content\/uploads\/sites\/5\/2026\/08\/Le-corps-feminin-a-velo-ce-que-tous-les-768x432.jpg 768w, https:\/\/bicycles4ever.com\/fr\/wp-content\/uploads\/sites\/5\/2026\/08\/Le-corps-feminin-a-velo-ce-que-tous-les-600x338.jpg 600w, https:\/\/bicycles4ever.com\/fr\/wp-content\/uploads\/sites\/5\/2026\/08\/Le-corps-feminin-a-velo-ce-que-tous-les.jpg 1280w\" sizes=\"auto, (max-width: 300px) 100vw, 300px\" title=\"\">\t\t\t\t\t\t\t<\/a>\n  \t\t\t\t\t\t\t  \t\t\t\t\t\t\t  \t\t\t\t\t\t<\/div>\n  \t\t\t\t\t\t  \t\t\t\t\t<\/div>\n          \t\t\t\t\t<div class=\"box-text text-center\" >\n\t\t\t\t\t<div class=\"box-text-inner blog-post-inner\">\n\n\t\t\t\t\t\n\t\t\t\t\t\t\t\t\t\t\t<p class=\"cat-label tag-label is-xxsmall op-7 uppercase\">\n\t\t\t\t\tRoute \t\t\t\t\t<\/p>\n\t\t\t\t\t\t\t\t\t\t<h5 class=\"post-title is-large \">\n\t\t\t\t\t\t<a href=\"https:\/\/bicycles4ever.com\/fr\/le-corps-feminin-a-velo-ce-que-tous-les-cyclistes-hommes-et-femmes-devraient-savoir\/\" class=\"plain\">Le corps f\u00e9minin \u00e0 v\u00e9lo : ce que tous les cyclistes hommes et femmes devraient savoir.<\/a>\n\t\t\t\t\t<\/h5>\n\t\t\t\t\t\t\t\t\t\t<div class=\"is-divider\"><\/div>\n\t\t\t\t\t                    \n\t\t\t\t\t\n\t\t\t\t\t\n\t\t\t\t\t<\/div>\n\t\t\t\t\t<\/div>\n\t\t\t\t\t\t\t\t\t<\/div>\n\t\t\t<\/div>\n\t\t<\/div><div class=\"col post-item\" >\n\t\t\t<div class=\"col-inner\">\n\t\t\t\t<div class=\"box box-vertical box-text-bottom box-blog-post has-hover\">\n            \t\t\t\t\t<div class=\"box-image\" style=\"width:43%;\">\n  \t\t\t\t\t\t<div class=\"image-cover\" style=\"padding-top:56.25%;\">\n\t\t\t\t\t\t\t<a href=\"https:\/\/bicycles4ever.com\/fr\/le-mont-ventoux-route-vs-gravel-vs-trail-qui-sera-le-vainqueur\/\" class=\"plain\" aria-label=\"Le Mont Ventoux : Route vs Gravel vs Trail. Qui sera le vainqueur ?\">\n\t\t\t\t\t\t\t\t<img loading=\"lazy\" decoding=\"async\" width=\"300\" height=\"169\" src=\"https:\/\/bicycles4ever.com\/fr\/wp-content\/uploads\/sites\/5\/2026\/08\/Le-Mont-Ventoux-Route-vs-Gravel-vs-Trail-Qui-300x169.jpg\" class=\"attachment-medium size-medium wp-post-image\" alt=\"\" srcset=\"https:\/\/bicycles4ever.com\/fr\/wp-content\/uploads\/sites\/5\/2026\/08\/Le-Mont-Ventoux-Route-vs-Gravel-vs-Trail-Qui-300x169.jpg 300w, https:\/\/bicycles4ever.com\/fr\/wp-content\/uploads\/sites\/5\/2026\/08\/Le-Mont-Ventoux-Route-vs-Gravel-vs-Trail-Qui-1024x576.jpg 1024w, https:\/\/bicycles4ever.com\/fr\/wp-content\/uploads\/sites\/5\/2026\/08\/Le-Mont-Ventoux-Route-vs-Gravel-vs-Trail-Qui-768x432.jpg 768w, https:\/\/bicycles4ever.com\/fr\/wp-content\/uploads\/sites\/5\/2026\/08\/Le-Mont-Ventoux-Route-vs-Gravel-vs-Trail-Qui-600x338.jpg 600w, https:\/\/bicycles4ever.com\/fr\/wp-content\/uploads\/sites\/5\/2026\/08\/Le-Mont-Ventoux-Route-vs-Gravel-vs-Trail-Qui.jpg 1280w\" sizes=\"auto, (max-width: 300px) 100vw, 300px\" title=\"\">\t\t\t\t\t\t\t<\/a>\n  \t\t\t\t\t\t\t  \t\t\t\t\t\t\t  \t\t\t\t\t\t<\/div>\n  \t\t\t\t\t\t  \t\t\t\t\t<\/div>\n          \t\t\t\t\t<div class=\"box-text text-center\" >\n\t\t\t\t\t<div class=\"box-text-inner blog-post-inner\">\n\n\t\t\t\t\t\n\t\t\t\t\t\t\t\t\t\t\t<p class=\"cat-label tag-label is-xxsmall op-7 uppercase\">\n\t\t\t\t\tRoute \t\t\t\t\t<\/p>\n\t\t\t\t\t\t\t\t\t\t<h5 class=\"post-title is-large \">\n\t\t\t\t\t\t<a href=\"https:\/\/bicycles4ever.com\/fr\/le-mont-ventoux-route-vs-gravel-vs-trail-qui-sera-le-vainqueur\/\" class=\"plain\">Le Mont Ventoux : Route vs Gravel vs Trail. Qui sera le vainqueur ?<\/a>\n\t\t\t\t\t<\/h5>\n\t\t\t\t\t\t\t\t\t\t<div class=\"is-divider\"><\/div>\n\t\t\t\t\t                    \n\t\t\t\t\t\n\t\t\t\t\t\n\t\t\t\t\t<\/div>\n\t\t\t\t\t<\/div>\n\t\t\t\t\t\t\t\t\t<\/div>\n\t\t\t<\/div>\n\t\t<\/div><div class=\"col post-item\" >\n\t\t\t<div class=\"col-inner\">\n\t\t\t\t<div class=\"box box-vertical box-text-bottom box-blog-post has-hover\">\n            \t\t\t\t\t<div class=\"box-image\" style=\"width:43%;\">\n  \t\t\t\t\t\t<div class=\"image-cover\" style=\"padding-top:56.25%;\">\n\t\t\t\t\t\t\t<a href=\"https:\/\/bicycles4ever.com\/fr\/des-salaires-et-des-capacites-comparables-aux-hommes-gcn-repond-aout-2026\/\" class=\"plain\" aria-label=\"Des salaires et des capacit\u00e9s comparables aux hommes? GCN R\u00e9pond ao\u00fbt 2026\">\n\t\t\t\t\t\t\t\t<img loading=\"lazy\" decoding=\"async\" width=\"300\" height=\"169\" src=\"https:\/\/bicycles4ever.com\/fr\/wp-content\/uploads\/sites\/5\/2026\/08\/Des-salaires-et-des-capacites-comparables-aux-hommes-GCN-Repond-300x169.jpg\" class=\"attachment-medium size-medium wp-post-image\" alt=\"\" srcset=\"https:\/\/bicycles4ever.com\/fr\/wp-content\/uploads\/sites\/5\/2026\/08\/Des-salaires-et-des-capacites-comparables-aux-hommes-GCN-Repond-300x169.jpg 300w, https:\/\/bicycles4ever.com\/fr\/wp-content\/uploads\/sites\/5\/2026\/08\/Des-salaires-et-des-capacites-comparables-aux-hommes-GCN-Repond-1024x576.jpg 1024w, https:\/\/bicycles4ever.com\/fr\/wp-content\/uploads\/sites\/5\/2026\/08\/Des-salaires-et-des-capacites-comparables-aux-hommes-GCN-Repond-768x432.jpg 768w, https:\/\/bicycles4ever.com\/fr\/wp-content\/uploads\/sites\/5\/2026\/08\/Des-salaires-et-des-capacites-comparables-aux-hommes-GCN-Repond-600x338.jpg 600w, https:\/\/bicycles4ever.com\/fr\/wp-content\/uploads\/sites\/5\/2026\/08\/Des-salaires-et-des-capacites-comparables-aux-hommes-GCN-Repond.jpg 1280w\" sizes=\"auto, (max-width: 300px) 100vw, 300px\" title=\"\">\t\t\t\t\t\t\t<\/a>\n  \t\t\t\t\t\t\t  \t\t\t\t\t\t\t  \t\t\t\t\t\t<\/div>\n  \t\t\t\t\t\t  \t\t\t\t\t<\/div>\n          \t\t\t\t\t<div class=\"box-text text-center\" >\n\t\t\t\t\t<div class=\"box-text-inner blog-post-inner\">\n\n\t\t\t\t\t\n\t\t\t\t\t\t\t\t\t\t\t<p class=\"cat-label tag-label is-xxsmall op-7 uppercase\">\n\t\t\t\t\tRoute \t\t\t\t\t<\/p>\n\t\t\t\t\t\t\t\t\t\t<h5 class=\"post-title is-large \">\n\t\t\t\t\t\t<a href=\"https:\/\/bicycles4ever.com\/fr\/des-salaires-et-des-capacites-comparables-aux-hommes-gcn-repond-aout-2026\/\" class=\"plain\">Des salaires et des capacit\u00e9s comparables aux hommes? GCN R\u00e9pond ao\u00fbt 2026<\/a>\n\t\t\t\t\t<\/h5>\n\t\t\t\t\t\t\t\t\t\t<div class=\"is-divider\"><\/div>\n\t\t\t\t\t                    \n\t\t\t\t\t\n\t\t\t\t\t\n\t\t\t\t\t<\/div>\n\t\t\t\t\t<\/div>\n\t\t\t\t\t\t\t\t\t<\/div>\n\t\t\t<\/div>\n\t\t<\/div><div class=\"col post-item\" >\n\t\t\t<div class=\"col-inner\">\n\t\t\t\t<div class=\"box box-vertical box-text-bottom box-blog-post has-hover\">\n            \t\t\t\t\t<div class=\"box-image\" style=\"width:43%;\">\n  \t\t\t\t\t\t<div class=\"image-cover\" style=\"padding-top:56.25%;\">\n\t\t\t\t\t\t\t<a href=\"https:\/\/bicycles4ever.com\/fr\/qui-gagnera-la-vuelta-despagne-2026-la-grande-presentation-gcn\/\" class=\"plain\" aria-label=\"Qui gagnera la Vuelta d\u2019Espagne 2026 ? La grande pr\u00e9sentation GCN\">\n\t\t\t\t\t\t\t\t<img loading=\"lazy\" decoding=\"async\" width=\"300\" height=\"169\" src=\"https:\/\/bicycles4ever.com\/fr\/wp-content\/uploads\/sites\/5\/2026\/08\/Qui-gagnera-la-Vuelta-dEspagne-2026-La-grande-presentation-300x169.jpg\" class=\"attachment-medium size-medium wp-post-image\" alt=\"\" srcset=\"https:\/\/bicycles4ever.com\/fr\/wp-content\/uploads\/sites\/5\/2026\/08\/Qui-gagnera-la-Vuelta-dEspagne-2026-La-grande-presentation-300x169.jpg 300w, https:\/\/bicycles4ever.com\/fr\/wp-content\/uploads\/sites\/5\/2026\/08\/Qui-gagnera-la-Vuelta-dEspagne-2026-La-grande-presentation-1024x576.jpg 1024w, https:\/\/bicycles4ever.com\/fr\/wp-content\/uploads\/sites\/5\/2026\/08\/Qui-gagnera-la-Vuelta-dEspagne-2026-La-grande-presentation-768x432.jpg 768w, https:\/\/bicycles4ever.com\/fr\/wp-content\/uploads\/sites\/5\/2026\/08\/Qui-gagnera-la-Vuelta-dEspagne-2026-La-grande-presentation-600x338.jpg 600w, https:\/\/bicycles4ever.com\/fr\/wp-content\/uploads\/sites\/5\/2026\/08\/Qui-gagnera-la-Vuelta-dEspagne-2026-La-grande-presentation.jpg 1280w\" sizes=\"auto, (max-width: 300px) 100vw, 300px\" title=\"\">\t\t\t\t\t\t\t<\/a>\n  \t\t\t\t\t\t\t  \t\t\t\t\t\t\t  \t\t\t\t\t\t<\/div>\n  \t\t\t\t\t\t  \t\t\t\t\t<\/div>\n          \t\t\t\t\t<div class=\"box-text text-center\" >\n\t\t\t\t\t<div class=\"box-text-inner blog-post-inner\">\n\n\t\t\t\t\t\n\t\t\t\t\t\t\t\t\t\t\t<p class=\"cat-label tag-label is-xxsmall op-7 uppercase\">\n\t\t\t\t\tRoute \t\t\t\t\t<\/p>\n\t\t\t\t\t\t\t\t\t\t<h5 class=\"post-title is-large \">\n\t\t\t\t\t\t<a href=\"https:\/\/bicycles4ever.com\/fr\/qui-gagnera-la-vuelta-despagne-2026-la-grande-presentation-gcn\/\" class=\"plain\">Qui gagnera la Vuelta d\u2019Espagne 2026 ? La grande pr\u00e9sentation GCN<\/a>\n\t\t\t\t\t<\/h5>\n\t\t\t\t\t\t\t\t\t\t<div class=\"is-divider\"><\/div>\n\t\t\t\t\t                    \n\t\t\t\t\t\n\t\t\t\t\t\n\t\t\t\t\t<\/div>\n\t\t\t\t\t<\/div>\n\t\t\t\t\t\t\t\t\t<\/div>\n\t\t\t<\/div>\n\t\t<\/div><div class=\"col post-item\" >\n\t\t\t<div class=\"col-inner\">\n\t\t\t\t<div class=\"box box-vertical box-text-bottom box-blog-post has-hover\">\n            \t\t\t\t\t<div class=\"box-image\" style=\"width:43%;\">\n  \t\t\t\t\t\t<div class=\"image-cover\" style=\"padding-top:56.25%;\">\n\t\t\t\t\t\t\t<a href=\"https:\/\/bicycles4ever.com\/fr\/aide-des-motos-reel-avantage-ou-polemique-inutile-le-test\/\" class=\"plain\" aria-label=\"Aide des motos : r\u00e9el avantage ou pol\u00e9mique inutile ? Le test\">\n\t\t\t\t\t\t\t\t<img loading=\"lazy\" decoding=\"async\" width=\"300\" height=\"169\" src=\"https:\/\/bicycles4ever.com\/fr\/wp-content\/uploads\/sites\/5\/2026\/08\/Aide-des-motos-reel-avantage-ou-polemique-inutile-300x169.jpg\" class=\"attachment-medium size-medium wp-post-image\" alt=\"\" srcset=\"https:\/\/bicycles4ever.com\/fr\/wp-content\/uploads\/sites\/5\/2026\/08\/Aide-des-motos-reel-avantage-ou-polemique-inutile-300x169.jpg 300w, https:\/\/bicycles4ever.com\/fr\/wp-content\/uploads\/sites\/5\/2026\/08\/Aide-des-motos-reel-avantage-ou-polemique-inutile-1024x576.jpg 1024w, https:\/\/bicycles4ever.com\/fr\/wp-content\/uploads\/sites\/5\/2026\/08\/Aide-des-motos-reel-avantage-ou-polemique-inutile-768x432.jpg 768w, https:\/\/bicycles4ever.com\/fr\/wp-content\/uploads\/sites\/5\/2026\/08\/Aide-des-motos-reel-avantage-ou-polemique-inutile-600x338.jpg 600w, https:\/\/bicycles4ever.com\/fr\/wp-content\/uploads\/sites\/5\/2026\/08\/Aide-des-motos-reel-avantage-ou-polemique-inutile.jpg 1280w\" sizes=\"auto, (max-width: 300px) 100vw, 300px\" title=\"\">\t\t\t\t\t\t\t<\/a>\n  \t\t\t\t\t\t\t  \t\t\t\t\t\t\t  \t\t\t\t\t\t<\/div>\n  \t\t\t\t\t\t  \t\t\t\t\t<\/div>\n          \t\t\t\t\t<div class=\"box-text text-center\" >\n\t\t\t\t\t<div class=\"box-text-inner blog-post-inner\">\n\n\t\t\t\t\t\n\t\t\t\t\t\t\t\t\t\t\t<p class=\"cat-label tag-label is-xxsmall op-7 uppercase\">\n\t\t\t\t\tRoute \t\t\t\t\t<\/p>\n\t\t\t\t\t\t\t\t\t\t<h5 class=\"post-title is-large \">\n\t\t\t\t\t\t<a href=\"https:\/\/bicycles4ever.com\/fr\/aide-des-motos-reel-avantage-ou-polemique-inutile-le-test\/\" class=\"plain\">Aide des motos : r\u00e9el avantage ou pol\u00e9mique inutile ? Le test<\/a>\n\t\t\t\t\t<\/h5>\n\t\t\t\t\t\t\t\t\t\t<div class=\"is-divider\"><\/div>\n\t\t\t\t\t                    \n\t\t\t\t\t\n\t\t\t\t\t\n\t\t\t\t\t<\/div>\n\t\t\t\t\t<\/div>\n\t\t\t\t\t\t\t\t\t<\/div>\n\t\t\t<\/div>\n\t\t<\/div><div class=\"col post-item\" >\n\t\t\t<div class=\"col-inner\">\n\t\t\t\t<div class=\"box box-vertical box-text-bottom box-blog-post has-hover\">\n            \t\t\t\t\t<div class=\"box-image\" style=\"width:43%;\">\n  \t\t\t\t\t\t<div class=\"image-cover\" style=\"padding-top:56.25%;\">\n\t\t\t\t\t\t\t<a href=\"https:\/\/bicycles4ever.com\/fr\/560-km-gravel-ultralight-mon-set-up-pour-la-traka\/\" class=\"plain\" aria-label=\"560 km gravel ultralight : Mon set up pour la Traka\">\n\t\t\t\t\t\t\t\t<img loading=\"lazy\" decoding=\"async\" width=\"300\" height=\"169\" src=\"https:\/\/bicycles4ever.com\/fr\/wp-content\/uploads\/sites\/5\/2026\/08\/560-km-gravel-ultralight-Mon-set-up-pour-la-300x169.jpg\" class=\"attachment-medium size-medium wp-post-image\" alt=\"\" srcset=\"https:\/\/bicycles4ever.com\/fr\/wp-content\/uploads\/sites\/5\/2026\/08\/560-km-gravel-ultralight-Mon-set-up-pour-la-300x169.jpg 300w, https:\/\/bicycles4ever.com\/fr\/wp-content\/uploads\/sites\/5\/2026\/08\/560-km-gravel-ultralight-Mon-set-up-pour-la-1024x576.jpg 1024w, https:\/\/bicycles4ever.com\/fr\/wp-content\/uploads\/sites\/5\/2026\/08\/560-km-gravel-ultralight-Mon-set-up-pour-la-768x432.jpg 768w, https:\/\/bicycles4ever.com\/fr\/wp-content\/uploads\/sites\/5\/2026\/08\/560-km-gravel-ultralight-Mon-set-up-pour-la-600x338.jpg 600w, https:\/\/bicycles4ever.com\/fr\/wp-content\/uploads\/sites\/5\/2026\/08\/560-km-gravel-ultralight-Mon-set-up-pour-la.jpg 1280w\" sizes=\"auto, (max-width: 300px) 100vw, 300px\" title=\"\">\t\t\t\t\t\t\t<\/a>\n  \t\t\t\t\t\t\t  \t\t\t\t\t\t\t  \t\t\t\t\t\t<\/div>\n  \t\t\t\t\t\t  \t\t\t\t\t<\/div>\n          \t\t\t\t\t<div class=\"box-text text-center\" >\n\t\t\t\t\t<div class=\"box-text-inner blog-post-inner\">\n\n\t\t\t\t\t\n\t\t\t\t\t\t\t\t\t\t\t<p class=\"cat-label tag-label is-xxsmall op-7 uppercase\">\n\t\t\t\t\tRoute \t\t\t\t\t<\/p>\n\t\t\t\t\t\t\t\t\t\t<h5 class=\"post-title is-large \">\n\t\t\t\t\t\t<a href=\"https:\/\/bicycles4ever.com\/fr\/560-km-gravel-ultralight-mon-set-up-pour-la-traka\/\" class=\"plain\">560 km gravel ultralight : Mon set up pour la Traka<\/a>\n\t\t\t\t\t<\/h5>\n\t\t\t\t\t\t\t\t\t\t<div class=\"is-divider\"><\/div>\n\t\t\t\t\t                    \n\t\t\t\t\t\n\t\t\t\t\t\n\t\t\t\t\t<\/div>\n\t\t\t\t\t<\/div>\n\t\t\t\t\t\t\t\t\t<\/div>\n\t\t\t<\/div>\n\t\t<\/div><\/div>\n<div class=\"is-divider divider clearfix\" ><\/div>\n<nav aria-label=\"breadcrumbs\" class=\"rank-math-breadcrumb\"><p><span class=\"last\">Bicycles4ever<\/span><\/p><\/nav>\n","protected":false},"excerpt":{"rendered":"<p>Source : Cha\u00eene YouTube GCN en Fran\u00e7ais: Nouveaux Canyon Endurace CF et CF SLX : quelles sont les diff\u00e9rences ? Vid\u00e9o Nouveaux Canyon Endurace CF et CF SLX : quelles sont les diff\u00e9rences ? de la Cha\u00eene YouTube GCN Fran\u00e7ais. Les opinions exprim\u00e9es dans cet espace rel\u00e8vent de la seule responsabilit\u00e9 de la Cha\u00eene YouTube [&#8230;]\n","protected":false},"author":2,"featured_media":41136,"comment_status":"closed","ping_status":"closed","sticky":false,"template":"","format":"standard","meta":{"_trash_the_other_posts":false,"editor_notices":[],"footnotes":""},"categories":[3],"tags":[608],"class_list":["post-41135","post","type-post","status-publish","format-standard","has-post-thumbnail","hentry","category-route","tag-gcn-francais"],"jetpack_featured_media_url":"https:\/\/bicycles4ever.com\/fr\/wp-content\/uploads\/sites\/5\/2026\/05\/Nouveaux-Canyon-Endurace-CF-et-CF-SLX-quelles-sont.jpg","_links":{"self":[{"href":"https:\/\/bicycles4ever.com\/fr\/wp-json\/wp\/v2\/posts\/41135","targetHints":{"allow":["GET"]}}],"collection":[{"href":"https:\/\/bicycles4ever.com\/fr\/wp-json\/wp\/v2\/posts"}],"about":[{"href":"https:\/\/bicycles4ever.com\/fr\/wp-json\/wp\/v2\/types\/post"}],"author":[{"embeddable":true,"href":"https:\/\/bicycles4ever.com\/fr\/wp-json\/wp\/v2\/users\/2"}],"replies":[{"embeddable":true,"href":"https:\/\/bicycles4ever.com\/fr\/wp-json\/wp\/v2\/comments?post=41135"}],"version-history":[{"count":0,"href":"https:\/\/bicycles4ever.com\/fr\/wp-json\/wp\/v2\/posts\/41135\/revisions"}],"wp:featuredmedia":[{"embeddable":true,"href":"https:\/\/bicycles4ever.com\/fr\/wp-json\/wp\/v2\/media\/41136"}],"wp:attachment":[{"href":"https:\/\/bicycles4ever.com\/fr\/wp-json\/wp\/v2\/media?parent=41135"}],"wp:term":[{"taxonomy":"category","embeddable":true,"href":"https:\/\/bicycles4ever.com\/fr\/wp-json\/wp\/v2\/categories?post=41135"},{"taxonomy":"post_tag","embeddable":true,"href":"https:\/\/bicycles4ever.com\/fr\/wp-json\/wp\/v2\/tags?post=41135"}],"curies":[{"name":"wp","href":"https:\/\/api.w.org\/{rel}","templated":true}]}}